{"id":657,"date":"2020-06-25T12:28:51","date_gmt":"2020-06-25T12:28:51","guid":{"rendered":"https:\/\/datarecrutement.fr\/actualites\/?p=657"},"modified":"2020-07-08T14:03:17","modified_gmt":"2020-07-08T14:03:17","slug":"interview-sarah-senior-product-manager-privateaser","status":"publish","type":"post","link":"https:\/\/datarecrutement.fr\/actualites\/interview-sarah-senior-product-manager-privateaser\/","title":{"rendered":"Comment Sarah Chiche, ESSEC 2016, a rejoint Privateaser comme Senior Product Manager ?"},"content":{"rendered":"<p><img loading=\"lazy\" decoding=\"async\" class=\"wp-image-658\" title=\"L'\u00e9quipe de Privateaser \" src=\"https:\/\/datarecrutement.fr\/actualites\/wp-content\/uploads\/privateaser-1024x487.jpg\" alt=\"data-recrutement-privateaser-senior-product-manager\" width=\"690\" height=\"328\" srcset=\"https:\/\/datarecrutement.fr\/actualites\/wp-content\/uploads\/privateaser-1024x487.jpg 1024w, https:\/\/datarecrutement.fr\/actualites\/wp-content\/uploads\/privateaser-600x285.jpg 600w, https:\/\/datarecrutement.fr\/actualites\/wp-content\/uploads\/privateaser-768x365.jpg 768w, https:\/\/datarecrutement.fr\/actualites\/wp-content\/uploads\/privateaser-1536x730.jpg 1536w, https:\/\/datarecrutement.fr\/actualites\/wp-content\/uploads\/privateaser.jpg 2000w\" sizes=\"auto, (max-width: 690px) 100vw, 690px\" \/><\/p>\n<p><strong>Sarah, Senior Product Manager chez Privateaser depuis le mois de f\u00e9vrier 2020 par l&rsquo;interm\u00e9diaire de Data Recrutement, a accept\u00e9 de r\u00e9pondre \u00e0 nos questions. Pour nous, elle revient sur son parcours, les raisons qui l&rsquo;ont convaincu de rejoindre l&rsquo;\u00e9quipe Produit de Privateaser, sa relation avec Data Recrutement et nous partage son conseil pour la carri\u00e8re d&rsquo;un PM junior.<\/strong><\/p>\n<h1><span class=\"s2\" style=\"color: #000000;\"><b>Peux-tu nous d\u00e9crire ton parcours en quelques mots ?<\/b><\/span><\/h1>\n<p class=\"p1\"><span class=\"s2\">Initialement, j\u2019ai un profil business gr\u00e2ce \u00e0 une formation d\u2019\u00e9cole de commerce (ESSEC 2016). <\/span>D\u00e8s l\u2019obtention de mon dipl\u00f4me, j\u2019ai int\u00e9gr\u00e9 <span style=\"color: #ff4f69;\"><a style=\"color: #ff4f69;\" href=\"https:\/\/www.doctolib.fr\/\"><strong>Doctolib<\/strong><\/a><\/span> \u00e0 Paris pour travailler sur les sujets d\u2019online marketing et d\u2019acquisition de patients, notamment via la gestion de campagne Google Adwords. <span class=\"s2\">Par la suite, j\u2019ai \u00e9t\u00e9 amen\u00e9e \u00e0 travailler sur le Product un peu par hasard : le Product Manager est tomb\u00e9 malade pendant plusieurs semaines alors je me suis propos\u00e9e pour le remplacer et la direction de Doctolib a accept\u00e9. Je suis donc devenue <span style=\"color: #ff4f69;\"><a style=\"color: #ff4f69;\" href=\"https:\/\/datarecrutement.fr\/actualites\/vp-product-cpo-scrum-master-comment-sy-retrouver-dans-les-roles-product-design\/\"><strong>Product Owner<\/strong><\/a><\/span> et pendant un an, j\u2019ai travaill\u00e9 sur les fonctionnalit\u00e9s du site d\u00e9di\u00e9es aux patients, ainsi que sur l\u2019application mobile. <\/span><span class=\"s2\">J\u2019ai ador\u00e9 cette premi\u00e8re exp\u00e9rience Produit, tr\u00e8s riche, mais rapidement, j\u2019ai trouv\u00e9 que le poste \u00e9tait tr\u00e8s\/trop op\u00e9rationnel pour moi : 100% sur le delivery, l\u2019aspect strat\u00e9gique manquait \u00e0 mon scope de missions. Je suis donc partie car je ne m\u2019y retrouvais plus (et j\u2019avais des envies de voyages !).<\/span><\/p>\n<p class=\"p1\"><span class=\"s2\">J\u2019ai pris un billet aller pour New-York o\u00f9 j\u2019ai rejoint une jeune start-up en plein build : <span style=\"color: #ff4f69;\"><strong>Butterfly<\/strong><\/span>. Sp\u00e9cialis\u00e9e sur l\u2019\u00ab\u00a0employ engagement\u00a0\u00bb, j\u2019occupais le poste de premi\u00e8re <span style=\"color: #ff4f69;\"><a style=\"color: #ff4f69;\" href=\"https:\/\/datarecrutement.fr\/actualites\/vp-product-cpo-scrum-master-comment-sy-retrouver-dans-les-roles-product-design\/\"><strong>Product Manager<\/strong><\/a> <\/span>et j\u2019ai mont\u00e9 l\u2019\u00e9quipe Produit. Au bout d\u2019un an, j\u2019ai demand\u00e9 \u00e0 avoir un coach (<span style=\"color: #ff4f69;\"><a style=\"color: #ff4f69;\" href=\"https:\/\/datarecrutement.fr\/actualites\/vp-product-cpo-scrum-master-comment-sy-retrouver-dans-les-roles-product-design\/\"><strong>Head of Product \/ CPO<\/strong><\/a><\/span>) pour continuer de monter en comp\u00e9tences et c\u2019est ce que Butterfly m\u2019a accord\u00e9. Finalement, cette personne a quitt\u00e9 la structure au bout de 6 mois et je l\u2019ai remplac\u00e9 ! <\/span><span class=\"s2\">Au-del\u00e0 de l\u2019aspect op\u00e9rationnel et strat\u00e9gique du poste, j\u2019ai pu manager l\u2019\u00e9quipe Produit constitu\u00e9e de 10 personnes : 1 Product Manager, 2 Product Designers et 7 d\u00e9veloppeurs.<\/span><\/p>\n<p class=\"p1\"><span class=\"s2\">Apr\u00e8s 3 ans d\u2019aventure, j\u2019ai pris la d\u00e9cision de partir principalement pour deux raisons : je n\u2019avais plus envie de vivre \u00e0 New-York et surtout, j\u2019avais envie de collaborer avec un senior pour continuer d\u2019apprendre. <\/span><span class=\"s2\">\u00c0 mon retour en France, j\u2019ai \u00e9t\u00e9 approch\u00e9e par <span style=\"color: #ff4f69;\"><a style=\"color: #ff4f69;\" href=\"https:\/\/datarecrutement.fr\/\"><strong>Data Recrutement<\/strong><\/a><\/span> qui m\u2019a propos\u00e9 une opportunit\u00e9 chez <strong><a href=\"https:\/\/www.privateaser.com\/\"><span style=\"color: #ff4f69;\">Privateaser<\/span><\/a><\/strong> : poste que j\u2019occupe actuellement.<\/span><\/p>\n<h1><span class=\"s2\"><b>Qu&rsquo;est-ce qui t&rsquo;as convaincu de <\/b><\/span><span class=\"s2\"><b>rejoindre Privateaser ? <\/b><\/span><\/h1>\n<p class=\"p1\"><span class=\"s2\">Je recherchais \u00e0 rejoindre une entreprise o\u00f9 il fallait structurer \/ construire la vision produit. J\u2019ai donc focalis\u00e9 mes recherches sur des entreprises \u00e0 taille humaine au sein desquelles d\u2019un point de vue carri\u00e8re, il serait facile d\u2019\u00e9voluer.<\/span><\/p>\n<p class=\"p1\"><span class=\"s2\">Au moment des entretiens avec Privateaser, j\u2019ai eu un super bon fit avec les d\u00e9cideurs et notamment le Head of Product et le CEO. Ils avaient compris que l\u2019exp\u00e9rience ne se mesurait pas en nombre d\u2019ann\u00e9es mais bien en terme de diversit\u00e9 d\u2019exp\u00e9riences : j\u2019avais 26 ans et 5 ans d\u2019exp\u00e9rience, mais <span style=\"color: #ff4f69;\"><strong>j\u2019avais d\u00e9j\u00e0 mont\u00e9 une \u00e9quipe Produit<\/strong><\/span>.<\/span><\/p>\n<p class=\"p1\"><span class=\"s2\">Par ailleurs, j\u2019ai vraiment appr\u00e9ci\u00e9 la complexit\u00e9 du produit propos\u00e9 par Privateaser : cela repr\u00e9sentait un challenge \u00e0 la hauteur de mes ambitions.<\/span><\/p>\n<h1><span class=\"s2\"><b>Qu\u2019est-ce qui t\u2019a plu en particulier chez Data Recrutement ?<\/b><\/span><\/h1>\n<p class=\"p1\"><span class=\"s2\">Gr\u00e2ce \u00e0 mes exp\u00e9riences pr\u00e9c\u00e9dentes je recevais beaucoup de messages de recruteurs, dont un de Data Recrutement pour un poste de Head of Product : au vu de l\u2019exp\u00e9rience demand\u00e9e, je n\u2019y croyais pas mais j\u2019ai tout de m\u00eame r\u00e9pondu et j\u2019ai bien fait car apr\u00e8s le premier appel avec l\u2019un de vos recruteurs sp\u00e9cialistes des m\u00e9tiers Product, vous m&rsquo;avez appris qu\u2019ils recrutaient \u00e9galement un Senior Product Manager et ce poste correspondait parfaitement \u00e0 mon profil.<\/span><\/p>\n<p><span style=\"color: #ff4f69;\"><strong>Vous avez cherchez \u00e0 comprendre qui j\u2019\u00e9tais et ce que je voulais<\/strong><\/span> : cela m\u2019a plu. Tout au long du processus de recrutement, j\u2019ai \u00e9t\u00e9 tr\u00e8s bien suivie par email et par t\u00e9l\u00e9phone apr\u00e8s chaque entretien. J\u2019ai aussi \u00e9t\u00e9 conseill\u00e9e pour n\u00e9gocier ma r\u00e9mun\u00e9ration car en revenant de New-York, je savais que je devrais faire des concessions sur ce point mais je ne savais pas \u00e0 quel point : Data Recrutement m\u2019a aid\u00e9 \u00e0 trouver le juste milieu, notamment gr\u00e2ce \u00e0 son <a href=\"https:\/\/datarecrutement.fr\/etude-salaire\/\"><strong><span style=\"color: #ff4f69;\">\u00e9tude salaire<\/span><\/strong><\/a>.<\/p>\n<h1><span class=\"s2\"><b>Peux-tu nous dire un mot sur ce qui fait un bon Product Manager selon toi, ou un conseil pour la carri\u00e8re d&rsquo;un Product Manager junior ?<br \/>\n<\/b><\/span><\/h1>\n<p class=\"p1\"><span class=\"s2\">Pour moi, un bon PM doit connaitre par coeur ses utilisateurs : on a beau avoir plusieurs ann\u00e9es d\u2019exp\u00e9rience, on ne peut pas avoir de certitudes sur les usages. Il est beaucoup plus facile d\u2019aller poser ses questions directement aux users, donc mon conseil : <span style=\"color: #ff4f69;\"><strong>devenez ami avec vos users ! <\/strong><\/span><\/span>\ud83e\udd1d<span class=\"s2\"><br \/>\n<\/span><\/p>\n<h3><span style=\"color: #ff4f69;\"><a style=\"color: #ff4f69;\" href=\"https:\/\/datarecrutement.fr\/\">#Candidats<\/a>\u00a0<\/span>: Envie de rejoindre une \u00e9quipe innovante pour d\u00e9marrer une nouvelle aventure ? D\u00e9couvrez nos opportunit\u00e9s du moment\u00a0<span style=\"color: #ff4f69;\"><strong><a style=\"color: #ff4f69;\" href=\"https:\/\/datarecrutement.fr\/\">ici<\/a><\/strong><\/span>. \ud83d\udc40<\/h3>\n<h3><span style=\"color: #ff4f69;\"><a style=\"color: #ff4f69;\" href=\"https:\/\/datarecrutement.fr\/entreprises\/\">#Entreprises<\/a>\u00a0<\/span>: Besoin d\u2019\u00eatre accompagn\u00e9 sur des recrutements urgents \/ strat\u00e9giques ?<br \/>\nC\u2019est par\u00a0<span style=\"color: #ff4f69;\"><strong><a style=\"color: #ff4f69;\" href=\"https:\/\/datarecrutement.fr\/entreprises\/\" rel=\"noopener noreferrer\">ici<\/a><\/strong><\/span>. \ud83d\udc40<\/h3>\n","protected":false},"excerpt":{"rendered":"<p>Sarah, Senior Product Manager chez Privateaser depuis le mois de f\u00e9vrier 2020 par l&rsquo;interm\u00e9diaire de Data Recrutement, a accept\u00e9 de r\u00e9pondre \u00e0 nos questions. Pour nous, elle revient sur son parcours, les raisons qui l&rsquo;ont convaincu de rejoindre l&rsquo;\u00e9quipe Produit de Privateaser, sa relation avec Data Recrutement et nous partage son conseil pour la carri\u00e8re d&rsquo;un PM junior. Peux-tu nous d\u00e9crire ton parcours en quelques mots ? Initialement, j\u2019ai un profil business gr\u00e2ce \u00e0 une formation d\u2019\u00e9cole de commerce (ESSEC 2016). D\u00e8s l\u2019obtention de mon dipl\u00f4me, j\u2019ai int\u00e9gr\u00e9 Doctolib \u00e0 Paris pour travailler sur les sujets d\u2019online marketing et d\u2019acquisition de patients, notamment via la gestion de campagne Google Adwords. Par la suite, j\u2019ai \u00e9t\u00e9 amen\u00e9e \u00e0 travailler sur le Product un peu par hasard : le Product Manager est tomb\u00e9 malade pendant plusieurs semaines alors je me suis propos\u00e9e pour le remplacer et la direction de Doctolib a accept\u00e9. Je suis donc devenue Product Owner et pendant un an, [&hellip;]<\/p>\n","protected":false},"author":2,"featured_media":658,"comment_status":"closed","ping_status":"open","sticky":false,"template":"","format":"standard","meta":[],"categories":[11,7],"auteurs":[30],"class_list":["post-657","post","type-post","status-publish","format-standard","has-post-thumbnail","hentry","category-actualite-generale","category-product-design","auteurs-boris-legendre"],"yoast_head":"<!-- This site is optimized with the Yoast SEO plugin v27.5 - https:\/\/yoast.com\/product\/yoast-seo-wordpress\/ -->\n<title>Comment Sarah Chiche, ESSEC 2016, a rejoint Privateaser comme Senior Product Manager ? - Data Recrutement<\/title>\n<meta name=\"description\" content=\"Sarah, Senior Product Manager chez Privateaser depuis le mois de f\u00e9vrier 2020 par l&#039;interm\u00e9diaire de Data Recrutement, a accept\u00e9 de r\u00e9pondre \u00e0 nos\" \/>\n<meta name=\"robots\" content=\"index, follow, max-snippet:-1, max-image-preview:large, max-video-preview:-1\" \/>\n<link rel=\"canonical\" href=\"https:\/\/datarecrutement.fr\/actualites\/interview-sarah-senior-product-manager-privateaser\/\" \/>\n<meta property=\"og:locale\" content=\"fr_FR\" \/>\n<meta property=\"og:type\" content=\"article\" \/>\n<meta property=\"og:title\" content=\"Comment Sarah Chiche, ESSEC 2016, a rejoint Privateaser comme Senior Product Manager ? - Data Recrutement\" \/>\n<meta property=\"og:description\" content=\"Sarah, Senior Product Manager chez Privateaser depuis le mois de f\u00e9vrier 2020 par l&#039;interm\u00e9diaire de Data Recrutement, a accept\u00e9 de r\u00e9pondre \u00e0 nos\" \/>\n<meta property=\"og:url\" content=\"https:\/\/datarecrutement.fr\/actualites\/interview-sarah-senior-product-manager-privateaser\/\" \/>\n<meta property=\"og:site_name\" content=\"Data Recrutement actualites\" \/>\n<meta property=\"article:published_time\" content=\"2020-06-25T12:28:51+00:00\" \/>\n<meta property=\"article:modified_time\" content=\"2020-07-08T14:03:17+00:00\" \/>\n<meta property=\"og:image\" content=\"https:\/\/datarecrutement.fr\/actualites\/wp-content\/uploads\/privateaser.jpg\" \/>\n\t<meta property=\"og:image:width\" content=\"2000\" \/>\n\t<meta property=\"og:image:height\" content=\"951\" \/>\n\t<meta property=\"og:image:type\" content=\"image\/jpeg\" \/>\n<meta name=\"author\" content=\"Thomas B\u00e9nard\" \/>\n<meta name=\"twitter:card\" content=\"summary_large_image\" \/>\n<meta name=\"twitter:label1\" content=\"\u00c9crit par\" \/>\n\t<meta name=\"twitter:data1\" content=\"Thomas B\u00e9nard\" \/>\n\t<meta name=\"twitter:label2\" content=\"Dur\u00e9e de lecture estim\u00e9e\" \/>\n\t<meta name=\"twitter:data2\" content=\"4 minutes\" \/>\n<script type=\"application\/ld+json\" class=\"yoast-schema-graph\">{\"@context\":\"https:\\\/\\\/schema.org\",\"@graph\":[{\"@type\":\"WebPage\",\"@id\":\"https:\\\/\\\/datarecrutement.fr\\\/actualites\\\/interview-sarah-senior-product-manager-privateaser\\\/\",\"url\":\"https:\\\/\\\/datarecrutement.fr\\\/actualites\\\/interview-sarah-senior-product-manager-privateaser\\\/\",\"name\":\"Comment Sarah Chiche, ESSEC 2016, a rejoint Privateaser comme Senior Product Manager ? - Data Recrutement\",\"isPartOf\":{\"@id\":\"https:\\\/\\\/datarecrutement.fr\\\/actualites\\\/#website\"},\"primaryImageOfPage\":{\"@id\":\"https:\\\/\\\/datarecrutement.fr\\\/actualites\\\/interview-sarah-senior-product-manager-privateaser\\\/#primaryimage\"},\"image\":{\"@id\":\"https:\\\/\\\/datarecrutement.fr\\\/actualites\\\/interview-sarah-senior-product-manager-privateaser\\\/#primaryimage\"},\"thumbnailUrl\":\"https:\\\/\\\/datarecrutement.fr\\\/actualites\\\/wp-content\\\/uploads\\\/privateaser.jpg\",\"datePublished\":\"2020-06-25T12:28:51+00:00\",\"dateModified\":\"2020-07-08T14:03:17+00:00\",\"author\":{\"@id\":\"https:\\\/\\\/datarecrutement.fr\\\/actualites\\\/#\\\/schema\\\/person\\\/6a58a13e20255a0c2873d5cc5b4510f6\"},\"description\":\"Sarah, Senior Product Manager chez Privateaser depuis le mois de f\u00e9vrier 2020 par l'interm\u00e9diaire de Data Recrutement, a accept\u00e9 de r\u00e9pondre \u00e0 nos\",\"breadcrumb\":{\"@id\":\"https:\\\/\\\/datarecrutement.fr\\\/actualites\\\/interview-sarah-senior-product-manager-privateaser\\\/#breadcrumb\"},\"inLanguage\":\"fr-FR\",\"potentialAction\":[{\"@type\":\"ReadAction\",\"target\":[\"https:\\\/\\\/datarecrutement.fr\\\/actualites\\\/interview-sarah-senior-product-manager-privateaser\\\/\"]}]},{\"@type\":\"ImageObject\",\"inLanguage\":\"fr-FR\",\"@id\":\"https:\\\/\\\/datarecrutement.fr\\\/actualites\\\/interview-sarah-senior-product-manager-privateaser\\\/#primaryimage\",\"url\":\"https:\\\/\\\/datarecrutement.fr\\\/actualites\\\/wp-content\\\/uploads\\\/privateaser.jpg\",\"contentUrl\":\"https:\\\/\\\/datarecrutement.fr\\\/actualites\\\/wp-content\\\/uploads\\\/privateaser.jpg\",\"width\":2000,\"height\":951,\"caption\":\"L'\u00e9quipe de Privateaser.\"},{\"@type\":\"BreadcrumbList\",\"@id\":\"https:\\\/\\\/datarecrutement.fr\\\/actualites\\\/interview-sarah-senior-product-manager-privateaser\\\/#breadcrumb\",\"itemListElement\":[{\"@type\":\"ListItem\",\"position\":1,\"name\":\"Accueil\",\"item\":\"https:\\\/\\\/datarecrutement.fr\\\/actualites\\\/\"},{\"@type\":\"ListItem\",\"position\":2,\"name\":\"Comment Sarah Chiche, ESSEC 2016, a rejoint Privateaser comme Senior Product Manager ?\"}]},{\"@type\":\"WebSite\",\"@id\":\"https:\\\/\\\/datarecrutement.fr\\\/actualites\\\/#website\",\"url\":\"https:\\\/\\\/datarecrutement.fr\\\/actualites\\\/\",\"name\":\"Data Recrutement actualites\",\"description\":\"blog\",\"potentialAction\":[{\"@type\":\"SearchAction\",\"target\":{\"@type\":\"EntryPoint\",\"urlTemplate\":\"https:\\\/\\\/datarecrutement.fr\\\/actualites\\\/?s={search_term_string}\"},\"query-input\":{\"@type\":\"PropertyValueSpecification\",\"valueRequired\":true,\"valueName\":\"search_term_string\"}}],\"inLanguage\":\"fr-FR\"}]}<\/script>\n<!-- \/ Yoast SEO plugin. -->","yoast_head_json":{"title":"Comment Sarah Chiche, ESSEC 2016, a rejoint Privateaser comme Senior Product Manager ? - Data Recrutement","description":"Sarah, Senior Product Manager chez Privateaser depuis le mois de f\u00e9vrier 2020 par l'interm\u00e9diaire de Data Recrutement, a accept\u00e9 de r\u00e9pondre \u00e0 nos","robots":{"index":"index","follow":"follow","max-snippet":"max-snippet:-1","max-image-preview":"max-image-preview:large","max-video-preview":"max-video-preview:-1"},"canonical":"https:\/\/datarecrutement.fr\/actualites\/interview-sarah-senior-product-manager-privateaser\/","og_locale":"fr_FR","og_type":"article","og_title":"Comment Sarah Chiche, ESSEC 2016, a rejoint Privateaser comme Senior Product Manager ? - Data Recrutement","og_description":"Sarah, Senior Product Manager chez Privateaser depuis le mois de f\u00e9vrier 2020 par l'interm\u00e9diaire de Data Recrutement, a accept\u00e9 de r\u00e9pondre \u00e0 nos","og_url":"https:\/\/datarecrutement.fr\/actualites\/interview-sarah-senior-product-manager-privateaser\/","og_site_name":"Data Recrutement actualites","article_published_time":"2020-06-25T12:28:51+00:00","article_modified_time":"2020-07-08T14:03:17+00:00","og_image":[{"width":2000,"height":951,"url":"https:\/\/datarecrutement.fr\/actualites\/wp-content\/uploads\/privateaser.jpg","type":"image\/jpeg"}],"author":"Thomas B\u00e9nard","twitter_card":"summary_large_image","twitter_misc":{"\u00c9crit par":"Thomas B\u00e9nard","Dur\u00e9e de lecture estim\u00e9e":"4 minutes"},"schema":{"@context":"https:\/\/schema.org","@graph":[{"@type":"WebPage","@id":"https:\/\/datarecrutement.fr\/actualites\/interview-sarah-senior-product-manager-privateaser\/","url":"https:\/\/datarecrutement.fr\/actualites\/interview-sarah-senior-product-manager-privateaser\/","name":"Comment Sarah Chiche, ESSEC 2016, a rejoint Privateaser comme Senior Product Manager ? - Data Recrutement","isPartOf":{"@id":"https:\/\/datarecrutement.fr\/actualites\/#website"},"primaryImageOfPage":{"@id":"https:\/\/datarecrutement.fr\/actualites\/interview-sarah-senior-product-manager-privateaser\/#primaryimage"},"image":{"@id":"https:\/\/datarecrutement.fr\/actualites\/interview-sarah-senior-product-manager-privateaser\/#primaryimage"},"thumbnailUrl":"https:\/\/datarecrutement.fr\/actualites\/wp-content\/uploads\/privateaser.jpg","datePublished":"2020-06-25T12:28:51+00:00","dateModified":"2020-07-08T14:03:17+00:00","author":{"@id":"https:\/\/datarecrutement.fr\/actualites\/#\/schema\/person\/6a58a13e20255a0c2873d5cc5b4510f6"},"description":"Sarah, Senior Product Manager chez Privateaser depuis le mois de f\u00e9vrier 2020 par l'interm\u00e9diaire de Data Recrutement, a accept\u00e9 de r\u00e9pondre \u00e0 nos","breadcrumb":{"@id":"https:\/\/datarecrutement.fr\/actualites\/interview-sarah-senior-product-manager-privateaser\/#breadcrumb"},"inLanguage":"fr-FR","potentialAction":[{"@type":"ReadAction","target":["https:\/\/datarecrutement.fr\/actualites\/interview-sarah-senior-product-manager-privateaser\/"]}]},{"@type":"ImageObject","inLanguage":"fr-FR","@id":"https:\/\/datarecrutement.fr\/actualites\/interview-sarah-senior-product-manager-privateaser\/#primaryimage","url":"https:\/\/datarecrutement.fr\/actualites\/wp-content\/uploads\/privateaser.jpg","contentUrl":"https:\/\/datarecrutement.fr\/actualites\/wp-content\/uploads\/privateaser.jpg","width":2000,"height":951,"caption":"L'\u00e9quipe de Privateaser."},{"@type":"BreadcrumbList","@id":"https:\/\/datarecrutement.fr\/actualites\/interview-sarah-senior-product-manager-privateaser\/#breadcrumb","itemListElement":[{"@type":"ListItem","position":1,"name":"Accueil","item":"https:\/\/datarecrutement.fr\/actualites\/"},{"@type":"ListItem","position":2,"name":"Comment Sarah Chiche, ESSEC 2016, a rejoint Privateaser comme Senior Product Manager ?"}]},{"@type":"WebSite","@id":"https:\/\/datarecrutement.fr\/actualites\/#website","url":"https:\/\/datarecrutement.fr\/actualites\/","name":"Data Recrutement actualites","description":"blog","potentialAction":[{"@type":"SearchAction","target":{"@type":"EntryPoint","urlTemplate":"https:\/\/datarecrutement.fr\/actualites\/?s={search_term_string}"},"query-input":{"@type":"PropertyValueSpecification","valueRequired":true,"valueName":"search_term_string"}}],"inLanguage":"fr-FR"}]}},"_links":{"self":[{"href":"https:\/\/datarecrutement.fr\/actualites\/wp-json\/wp\/v2\/posts\/657","targetHints":{"allow":["GET"]}}],"collection":[{"href":"https:\/\/datarecrutement.fr\/actualites\/wp-json\/wp\/v2\/posts"}],"about":[{"href":"https:\/\/datarecrutement.fr\/actualites\/wp-json\/wp\/v2\/types\/post"}],"author":[{"embeddable":true,"href":"https:\/\/datarecrutement.fr\/actualites\/wp-json\/wp\/v2\/users\/2"}],"replies":[{"embeddable":true,"href":"https:\/\/datarecrutement.fr\/actualites\/wp-json\/wp\/v2\/comments?post=657"}],"version-history":[{"count":5,"href":"https:\/\/datarecrutement.fr\/actualites\/wp-json\/wp\/v2\/posts\/657\/revisions"}],"predecessor-version":[{"id":710,"href":"https:\/\/datarecrutement.fr\/actualites\/wp-json\/wp\/v2\/posts\/657\/revisions\/710"}],"wp:featuredmedia":[{"embeddable":true,"href":"https:\/\/datarecrutement.fr\/actualites\/wp-json\/wp\/v2\/media\/658"}],"wp:attachment":[{"href":"https:\/\/datarecrutement.fr\/actualites\/wp-json\/wp\/v2\/media?parent=657"}],"wp:term":[{"taxonomy":"category","embeddable":true,"href":"https:\/\/datarecrutement.fr\/actualites\/wp-json\/wp\/v2\/categories?post=657"},{"taxonomy":"auteurs","embeddable":true,"href":"https:\/\/datarecrutement.fr\/actualites\/wp-json\/wp\/v2\/auteurs?post=657"}],"curies":[{"name":"wp","href":"https:\/\/api.w.org\/{rel}","templated":true}]}}