{"id":571,"date":"2020-06-03T07:36:18","date_gmt":"2020-06-03T07:36:18","guid":{"rendered":"https:\/\/datarecrutement.fr\/actualites\/?p=571"},"modified":"2020-06-03T09:01:00","modified_gmt":"2020-06-03T09:01:00","slug":"recrutement-teletravail-chomage-partiel-les-previsions-de-500-decideurs-du-digital-en-france-resultats-de-letude-menee-par-data-recrutement-en-juin-2020","status":"publish","type":"post","link":"https:\/\/datarecrutement.fr\/actualites\/recrutement-teletravail-chomage-partiel-les-previsions-de-500-decideurs-du-digital-en-france-resultats-de-letude-menee-par-data-recrutement-en-juin-2020\/","title":{"rendered":"Recrutement, t\u00e9l\u00e9travail, ch\u00f4mage partiel : les pr\u00e9visions post COVID-19 de +500 d\u00e9cideurs du digital en France. R\u00e9sultats de l&rsquo;\u00e9tude men\u00e9e par Data Recrutement en juin 2020."},"content":{"rendered":"<div class=\"infogram-embed\" data-id=\"dae87c19-d6aa-4bef-9f64-06edaebd1cf7\" data-type=\"interactive\" data-title=\"Data Recrutement : \u00e9tude post covid  des entreprises du digital | Juin 2020\"><\/div>\n<p><script>!function(e,i,n,s){var t=\"InfogramEmbeds\",d=e.getElementsByTagName(\"script\")[0];if(window[t]&&window[t].initialized)window[t].process&&window[t].process();else if(!e.getElementById(n)){var o=e.createElement(\"script\");o.async=1,o.id=n,o.src=\"https:\/\/e.infogram.com\/js\/dist\/embed-loader-min.js\",d.parentNode.insertBefore(o,d)}}(document,0,\"infogram-async\");<\/script><\/p>\n<div style=\"padding:8px 0;font-family:Arial!important;font-size:13px!important;line-height:15px!important;text-align:center;border-top:1px solid #dadada;margin:0 30px\"><a href=\"https:\/\/infogram.com\/dae87c19-d6aa-4bef-9f64-06edaebd1cf7\" style=\"color:#989898!important;text-decoration:none!important;\" target=\"_blank\" rel=\"noopener noreferrer\">Data Recrutement : \u00e9tude post covid  des entreprises du digital | Juin 2020<\/a><br \/><a href=\"https:\/\/infogram.com\" style=\"color:#989898!important;text-decoration:none!important;\" target=\"_blank\" rel=\"nofollow noopener noreferrer\">Infogram<\/a><\/div>\n","protected":false},"excerpt":{"rendered":"<p>Data Recrutement : \u00e9tude post covid des entreprises du digital | Juin 2020Infogram<\/p>\n","protected":false},"author":2,"featured_media":578,"comment_status":"closed","ping_status":"open","sticky":false,"template":"","format":"standard","meta":[],"categories":[11],"auteurs":[13],"class_list":["post-571","post","type-post","status-publish","format-standard","has-post-thumbnail","hentry","category-actualite-generale","auteurs-thomas-benard"],"yoast_head":"<!-- This site is optimized with the Yoast SEO plugin v27.5 - https:\/\/yoast.com\/product\/yoast-seo-wordpress\/ -->\n<title>Recrutement, t\u00e9l\u00e9travail, ch\u00f4mage partiel : les pr\u00e9visions post COVID-19 de +500 d\u00e9cideurs du digital en France. R\u00e9sultats de l&#039;\u00e9tude men\u00e9e par Data Recrutement en juin 2020. - Data Recrutement<\/title>\n<meta name=\"description\" content=\"Data Recrutement : \u00e9tude post covid des entreprises du digital | Juin 2020Infogram\" \/>\n<meta name=\"robots\" content=\"index, follow, max-snippet:-1, max-image-preview:large, max-video-preview:-1\" \/>\n<link rel=\"canonical\" href=\"https:\/\/datarecrutement.fr\/actualites\/recrutement-teletravail-chomage-partiel-les-previsions-de-500-decideurs-du-digital-en-france-resultats-de-letude-menee-par-data-recrutement-en-juin-2020\/\" \/>\n<meta property=\"og:locale\" content=\"fr_FR\" \/>\n<meta property=\"og:type\" content=\"article\" \/>\n<meta property=\"og:title\" content=\"Recrutement, t\u00e9l\u00e9travail, ch\u00f4mage partiel : les pr\u00e9visions post COVID-19 de +500 d\u00e9cideurs du digital en France. R\u00e9sultats de l&#039;\u00e9tude men\u00e9e par Data Recrutement en juin 2020. - Data Recrutement\" \/>\n<meta property=\"og:description\" content=\"Data Recrutement : \u00e9tude post covid des entreprises du digital | Juin 2020Infogram\" \/>\n<meta property=\"og:url\" content=\"https:\/\/datarecrutement.fr\/actualites\/recrutement-teletravail-chomage-partiel-les-previsions-de-500-decideurs-du-digital-en-france-resultats-de-letude-menee-par-data-recrutement-en-juin-2020\/\" \/>\n<meta property=\"og:site_name\" content=\"Data Recrutement actualites\" \/>\n<meta property=\"article:published_time\" content=\"2020-06-03T07:36:18+00:00\" \/>\n<meta property=\"article:modified_time\" content=\"2020-06-03T09:01:00+00:00\" \/>\n<meta property=\"og:image\" content=\"https:\/\/datarecrutement.fr\/actualites\/wp-content\/uploads\/Capture-d\u2019e\u0301cran-2020-06-03-a\u0300-09.51.01.png\" \/>\n\t<meta property=\"og:image:width\" content=\"699\" \/>\n\t<meta property=\"og:image:height\" content=\"391\" \/>\n\t<meta property=\"og:image:type\" content=\"image\/png\" \/>\n<meta name=\"author\" content=\"Thomas B\u00e9nard\" \/>\n<meta name=\"twitter:card\" content=\"summary_large_image\" \/>\n<meta name=\"twitter:label1\" content=\"\u00c9crit par\" \/>\n\t<meta name=\"twitter:data1\" content=\"Thomas B\u00e9nard\" \/>\n<script type=\"application\/ld+json\" class=\"yoast-schema-graph\">{\"@context\":\"https:\\\/\\\/schema.org\",\"@graph\":[{\"@type\":\"WebPage\",\"@id\":\"https:\\\/\\\/datarecrutement.fr\\\/actualites\\\/recrutement-teletravail-chomage-partiel-les-previsions-de-500-decideurs-du-digital-en-france-resultats-de-letude-menee-par-data-recrutement-en-juin-2020\\\/\",\"url\":\"https:\\\/\\\/datarecrutement.fr\\\/actualites\\\/recrutement-teletravail-chomage-partiel-les-previsions-de-500-decideurs-du-digital-en-france-resultats-de-letude-menee-par-data-recrutement-en-juin-2020\\\/\",\"name\":\"Recrutement, t\u00e9l\u00e9travail, ch\u00f4mage partiel : les pr\u00e9visions post COVID-19 de +500 d\u00e9cideurs du digital en France. R\u00e9sultats de l'\u00e9tude men\u00e9e par Data Recrutement en juin 2020. - Data Recrutement\",\"isPartOf\":{\"@id\":\"https:\\\/\\\/datarecrutement.fr\\\/actualites\\\/#website\"},\"primaryImageOfPage\":{\"@id\":\"https:\\\/\\\/datarecrutement.fr\\\/actualites\\\/recrutement-teletravail-chomage-partiel-les-previsions-de-500-decideurs-du-digital-en-france-resultats-de-letude-menee-par-data-recrutement-en-juin-2020\\\/#primaryimage\"},\"image\":{\"@id\":\"https:\\\/\\\/datarecrutement.fr\\\/actualites\\\/recrutement-teletravail-chomage-partiel-les-previsions-de-500-decideurs-du-digital-en-france-resultats-de-letude-menee-par-data-recrutement-en-juin-2020\\\/#primaryimage\"},\"thumbnailUrl\":\"https:\\\/\\\/datarecrutement.fr\\\/actualites\\\/wp-content\\\/uploads\\\/Capture-d\u2019e\u0301cran-2020-06-03-a\u0300-09.51.01.png\",\"datePublished\":\"2020-06-03T07:36:18+00:00\",\"dateModified\":\"2020-06-03T09:01:00+00:00\",\"author\":{\"@id\":\"https:\\\/\\\/datarecrutement.fr\\\/actualites\\\/#\\\/schema\\\/person\\\/6a58a13e20255a0c2873d5cc5b4510f6\"},\"description\":\"Data Recrutement : \u00e9tude post covid des entreprises du digital | Juin 2020Infogram\",\"breadcrumb\":{\"@id\":\"https:\\\/\\\/datarecrutement.fr\\\/actualites\\\/recrutement-teletravail-chomage-partiel-les-previsions-de-500-decideurs-du-digital-en-france-resultats-de-letude-menee-par-data-recrutement-en-juin-2020\\\/#breadcrumb\"},\"inLanguage\":\"fr-FR\",\"potentialAction\":[{\"@type\":\"ReadAction\",\"target\":[\"https:\\\/\\\/datarecrutement.fr\\\/actualites\\\/recrutement-teletravail-chomage-partiel-les-previsions-de-500-decideurs-du-digital-en-france-resultats-de-letude-menee-par-data-recrutement-en-juin-2020\\\/\"]}]},{\"@type\":\"ImageObject\",\"inLanguage\":\"fr-FR\",\"@id\":\"https:\\\/\\\/datarecrutement.fr\\\/actualites\\\/recrutement-teletravail-chomage-partiel-les-previsions-de-500-decideurs-du-digital-en-france-resultats-de-letude-menee-par-data-recrutement-en-juin-2020\\\/#primaryimage\",\"url\":\"https:\\\/\\\/datarecrutement.fr\\\/actualites\\\/wp-content\\\/uploads\\\/Capture-d\u2019e\u0301cran-2020-06-03-a\u0300-09.51.01.png\",\"contentUrl\":\"https:\\\/\\\/datarecrutement.fr\\\/actualites\\\/wp-content\\\/uploads\\\/Capture-d\u2019e\u0301cran-2020-06-03-a\u0300-09.51.01.png\",\"width\":699,\"height\":391},{\"@type\":\"BreadcrumbList\",\"@id\":\"https:\\\/\\\/datarecrutement.fr\\\/actualites\\\/recrutement-teletravail-chomage-partiel-les-previsions-de-500-decideurs-du-digital-en-france-resultats-de-letude-menee-par-data-recrutement-en-juin-2020\\\/#breadcrumb\",\"itemListElement\":[{\"@type\":\"ListItem\",\"position\":1,\"name\":\"Accueil\",\"item\":\"https:\\\/\\\/datarecrutement.fr\\\/actualites\\\/\"},{\"@type\":\"ListItem\",\"position\":2,\"name\":\"Recrutement, t\u00e9l\u00e9travail, ch\u00f4mage partiel : les pr\u00e9visions post COVID-19 de +500 d\u00e9cideurs du digital en France. R\u00e9sultats de l&rsquo;\u00e9tude men\u00e9e par Data Recrutement en juin 2020.\"}]},{\"@type\":\"WebSite\",\"@id\":\"https:\\\/\\\/datarecrutement.fr\\\/actualites\\\/#website\",\"url\":\"https:\\\/\\\/datarecrutement.fr\\\/actualites\\\/\",\"name\":\"Data Recrutement actualites\",\"description\":\"blog\",\"potentialAction\":[{\"@type\":\"SearchAction\",\"target\":{\"@type\":\"EntryPoint\",\"urlTemplate\":\"https:\\\/\\\/datarecrutement.fr\\\/actualites\\\/?s={search_term_string}\"},\"query-input\":{\"@type\":\"PropertyValueSpecification\",\"valueRequired\":true,\"valueName\":\"search_term_string\"}}],\"inLanguage\":\"fr-FR\"}]}<\/script>\n<!-- \/ Yoast SEO plugin. -->","yoast_head_json":{"title":"Recrutement, t\u00e9l\u00e9travail, ch\u00f4mage partiel : les pr\u00e9visions post COVID-19 de +500 d\u00e9cideurs du digital en France. R\u00e9sultats de l'\u00e9tude men\u00e9e par Data Recrutement en juin 2020. - Data Recrutement","description":"Data Recrutement : \u00e9tude post covid des entreprises du digital | Juin 2020Infogram","robots":{"index":"index","follow":"follow","max-snippet":"max-snippet:-1","max-image-preview":"max-image-preview:large","max-video-preview":"max-video-preview:-1"},"canonical":"https:\/\/datarecrutement.fr\/actualites\/recrutement-teletravail-chomage-partiel-les-previsions-de-500-decideurs-du-digital-en-france-resultats-de-letude-menee-par-data-recrutement-en-juin-2020\/","og_locale":"fr_FR","og_type":"article","og_title":"Recrutement, t\u00e9l\u00e9travail, ch\u00f4mage partiel : les pr\u00e9visions post COVID-19 de +500 d\u00e9cideurs du digital en France. R\u00e9sultats de l'\u00e9tude men\u00e9e par Data Recrutement en juin 2020. - Data Recrutement","og_description":"Data Recrutement : \u00e9tude post covid des entreprises du digital | Juin 2020Infogram","og_url":"https:\/\/datarecrutement.fr\/actualites\/recrutement-teletravail-chomage-partiel-les-previsions-de-500-decideurs-du-digital-en-france-resultats-de-letude-menee-par-data-recrutement-en-juin-2020\/","og_site_name":"Data Recrutement actualites","article_published_time":"2020-06-03T07:36:18+00:00","article_modified_time":"2020-06-03T09:01:00+00:00","og_image":[{"width":699,"height":391,"url":"https:\/\/datarecrutement.fr\/actualites\/wp-content\/uploads\/Capture-d\u2019e\u0301cran-2020-06-03-a\u0300-09.51.01.png","type":"image\/png"}],"author":"Thomas B\u00e9nard","twitter_card":"summary_large_image","twitter_misc":{"\u00c9crit par":"Thomas B\u00e9nard"},"schema":{"@context":"https:\/\/schema.org","@graph":[{"@type":"WebPage","@id":"https:\/\/datarecrutement.fr\/actualites\/recrutement-teletravail-chomage-partiel-les-previsions-de-500-decideurs-du-digital-en-france-resultats-de-letude-menee-par-data-recrutement-en-juin-2020\/","url":"https:\/\/datarecrutement.fr\/actualites\/recrutement-teletravail-chomage-partiel-les-previsions-de-500-decideurs-du-digital-en-france-resultats-de-letude-menee-par-data-recrutement-en-juin-2020\/","name":"Recrutement, t\u00e9l\u00e9travail, ch\u00f4mage partiel : les pr\u00e9visions post COVID-19 de +500 d\u00e9cideurs du digital en France. R\u00e9sultats de l'\u00e9tude men\u00e9e par Data Recrutement en juin 2020. - Data Recrutement","isPartOf":{"@id":"https:\/\/datarecrutement.fr\/actualites\/#website"},"primaryImageOfPage":{"@id":"https:\/\/datarecrutement.fr\/actualites\/recrutement-teletravail-chomage-partiel-les-previsions-de-500-decideurs-du-digital-en-france-resultats-de-letude-menee-par-data-recrutement-en-juin-2020\/#primaryimage"},"image":{"@id":"https:\/\/datarecrutement.fr\/actualites\/recrutement-teletravail-chomage-partiel-les-previsions-de-500-decideurs-du-digital-en-france-resultats-de-letude-menee-par-data-recrutement-en-juin-2020\/#primaryimage"},"thumbnailUrl":"https:\/\/datarecrutement.fr\/actualites\/wp-content\/uploads\/Capture-d\u2019e\u0301cran-2020-06-03-a\u0300-09.51.01.png","datePublished":"2020-06-03T07:36:18+00:00","dateModified":"2020-06-03T09:01:00+00:00","author":{"@id":"https:\/\/datarecrutement.fr\/actualites\/#\/schema\/person\/6a58a13e20255a0c2873d5cc5b4510f6"},"description":"Data Recrutement : \u00e9tude post covid des entreprises du digital | Juin 2020Infogram","breadcrumb":{"@id":"https:\/\/datarecrutement.fr\/actualites\/recrutement-teletravail-chomage-partiel-les-previsions-de-500-decideurs-du-digital-en-france-resultats-de-letude-menee-par-data-recrutement-en-juin-2020\/#breadcrumb"},"inLanguage":"fr-FR","potentialAction":[{"@type":"ReadAction","target":["https:\/\/datarecrutement.fr\/actualites\/recrutement-teletravail-chomage-partiel-les-previsions-de-500-decideurs-du-digital-en-france-resultats-de-letude-menee-par-data-recrutement-en-juin-2020\/"]}]},{"@type":"ImageObject","inLanguage":"fr-FR","@id":"https:\/\/datarecrutement.fr\/actualites\/recrutement-teletravail-chomage-partiel-les-previsions-de-500-decideurs-du-digital-en-france-resultats-de-letude-menee-par-data-recrutement-en-juin-2020\/#primaryimage","url":"https:\/\/datarecrutement.fr\/actualites\/wp-content\/uploads\/Capture-d\u2019e\u0301cran-2020-06-03-a\u0300-09.51.01.png","contentUrl":"https:\/\/datarecrutement.fr\/actualites\/wp-content\/uploads\/Capture-d\u2019e\u0301cran-2020-06-03-a\u0300-09.51.01.png","width":699,"height":391},{"@type":"BreadcrumbList","@id":"https:\/\/datarecrutement.fr\/actualites\/recrutement-teletravail-chomage-partiel-les-previsions-de-500-decideurs-du-digital-en-france-resultats-de-letude-menee-par-data-recrutement-en-juin-2020\/#breadcrumb","itemListElement":[{"@type":"ListItem","position":1,"name":"Accueil","item":"https:\/\/datarecrutement.fr\/actualites\/"},{"@type":"ListItem","position":2,"name":"Recrutement, t\u00e9l\u00e9travail, ch\u00f4mage partiel : les pr\u00e9visions post COVID-19 de +500 d\u00e9cideurs du digital en France. R\u00e9sultats de l&rsquo;\u00e9tude men\u00e9e par Data Recrutement en juin 2020."}]},{"@type":"WebSite","@id":"https:\/\/datarecrutement.fr\/actualites\/#website","url":"https:\/\/datarecrutement.fr\/actualites\/","name":"Data Recrutement actualites","description":"blog","potentialAction":[{"@type":"SearchAction","target":{"@type":"EntryPoint","urlTemplate":"https:\/\/datarecrutement.fr\/actualites\/?s={search_term_string}"},"query-input":{"@type":"PropertyValueSpecification","valueRequired":true,"valueName":"search_term_string"}}],"inLanguage":"fr-FR"}]}},"_links":{"self":[{"href":"https:\/\/datarecrutement.fr\/actualites\/wp-json\/wp\/v2\/posts\/571","targetHints":{"allow":["GET"]}}],"collection":[{"href":"https:\/\/datarecrutement.fr\/actualites\/wp-json\/wp\/v2\/posts"}],"about":[{"href":"https:\/\/datarecrutement.fr\/actualites\/wp-json\/wp\/v2\/types\/post"}],"author":[{"embeddable":true,"href":"https:\/\/datarecrutement.fr\/actualites\/wp-json\/wp\/v2\/users\/2"}],"replies":[{"embeddable":true,"href":"https:\/\/datarecrutement.fr\/actualites\/wp-json\/wp\/v2\/comments?post=571"}],"version-history":[{"count":2,"href":"https:\/\/datarecrutement.fr\/actualites\/wp-json\/wp\/v2\/posts\/571\/revisions"}],"predecessor-version":[{"id":580,"href":"https:\/\/datarecrutement.fr\/actualites\/wp-json\/wp\/v2\/posts\/571\/revisions\/580"}],"wp:featuredmedia":[{"embeddable":true,"href":"https:\/\/datarecrutement.fr\/actualites\/wp-json\/wp\/v2\/media\/578"}],"wp:attachment":[{"href":"https:\/\/datarecrutement.fr\/actualites\/wp-json\/wp\/v2\/media?parent=571"}],"wp:term":[{"taxonomy":"category","embeddable":true,"href":"https:\/\/datarecrutement.fr\/actualites\/wp-json\/wp\/v2\/categories?post=571"},{"taxonomy":"auteurs","embeddable":true,"href":"https:\/\/datarecrutement.fr\/actualites\/wp-json\/wp\/v2\/auteurs?post=571"}],"curies":[{"name":"wp","href":"https:\/\/api.w.org\/{rel}","templated":true}]}}