{"id":1098,"date":"2021-04-16T14:36:34","date_gmt":"2021-04-16T14:36:34","guid":{"rendered":"https:\/\/datarecrutement.fr\/actualites\/?p=1098"},"modified":"2021-04-19T13:23:04","modified_gmt":"2021-04-19T13:23:04","slug":"recrutement-vp-sales-craft-ai","status":"publish","type":"post","link":"https:\/\/datarecrutement.fr\/actualites\/recrutement-vp-sales-craft-ai\/","title":{"rendered":"Nicolas Elkoubi, VP Sales chez Craft.ai, vous raconte son recrutement"},"content":{"rendered":"<p><b><img loading=\"lazy\" decoding=\"async\" class=\"aligncenter size-full wp-image-1129\" src=\"https:\/\/datarecrutement.fr\/actualites\/wp-content\/uploads\/Capture-de\u0301cran-2021-03-29-a\u0300-16.12.55.png\" alt=\"craft.ai\" width=\"877\" height=\"719\" srcset=\"https:\/\/datarecrutement.fr\/actualites\/wp-content\/uploads\/Capture-de\u0301cran-2021-03-29-a\u0300-16.12.55.png 877w, https:\/\/datarecrutement.fr\/actualites\/wp-content\/uploads\/Capture-de\u0301cran-2021-03-29-a\u0300-16.12.55-600x492.png 600w, https:\/\/datarecrutement.fr\/actualites\/wp-content\/uploads\/Capture-de\u0301cran-2021-03-29-a\u0300-16.12.55-768x630.png 768w\" sizes=\"auto, (max-width: 877px) 100vw, 877px\" \/><\/b><\/p>\n<p><b>Nicolas Elkoubi, VP Sales chez Craft.ai depuis novembre 2020, suite \u00e0 une approche de Data Recrutement, r\u00e9pond \u00e0 toutes nos questions. D\u00e9couvrez son parcours, ses motivations, son exp\u00e9rience avec Data Recrutement et ses conseils pour un Commercial junior.<\/b><\/p>\n<h1><span class=\"s2\" style=\"color: #000000;\"><b>Peux-tu nous d\u00e9crire ton parcours en quelques mots ?<\/b><\/span><\/h1>\n<p><span style=\"font-weight: 400;\">J\u2019ai commenc\u00e9 ma carri\u00e8re en 2000, \u00e0 20 ans, apr\u00e8s un BTS force de vente \u00e0 Bordeaux. Je suis mont\u00e9 \u00e0 Paris pour travailler chez <span style=\"color: #ff4f69;\"><strong><a style=\"color: #ff4f69;\" href=\"https:\/\/www.colt.net\/fr\/\">Colt Telecom<\/a><\/strong><\/span><\/span><span style=\"font-weight: 400;\">, op\u00e9rateur chez qui j\u2019ai pass\u00e9 3 ans \u00e0 vendre notamment des solutions ADSL.<\/span><\/p>\n<p><span style=\"font-weight: 400;\">Par la suite j&rsquo;ai eu l&rsquo;opportunit\u00e9 de faire les bonnes rencontres et apprendre \u00e9norm\u00e9ment, notamment en travaillant pendant 12 ans dans l\u2019univers des telecoms. Mon but a toujours \u00e9t\u00e9 d\u2019ajouter des cordes \u00e0 mon arc en termes d\u2019exp\u00e9rience et d\u2019expertise : je n&rsquo;ai jamais h\u00e9sit\u00e9 \u00e0 switcher entre la <\/span><b>vente directe et <\/b><b>indirecte<\/b><span style=\"font-weight: 400;\">, avec une cible <\/span><b>PME<\/b><span style=\"font-weight: 400;\"> et <\/span><b>grands comptes<\/b><span style=\"font-weight: 400;\"> du CAC40. Les produits que j\u2019ai \u00e9t\u00e9 amen\u00e9 \u00e0 vendre sont nombreux : liens fibres optiques, acc\u00e8s internet \u00e0 tr\u00e8s haut d\u00e9bit, t\u00e9l\u00e9phonie fixe et mobile, VPN, toujours dans le but de gagner en exp\u00e9rience.<\/span><\/p>\n<p><span style=\"font-weight: 400;\">Au travers de cette premi\u00e8re d\u00e9cennie, j\u2019ai eu la chance de rencontrer des managers inspirants qui m\u2019ont appris mon m\u00e9tier. L\u2019un d\u2019entre eux m\u2019a propos\u00e9 de rejoindre <\/span><span style=\"color: #ff4f69;\"><a style=\"color: #ff4f69;\" href=\"https:\/\/www.masternaut.com\/fr\/\"><b>Masternaut<\/b><\/a><\/span><span style=\"font-weight: 400;\"> pour occuper mes premi\u00e8res fonctions de manager d\u2019une \u00e9quipe de 6 commerciaux bas\u00e9s en r\u00e9gion parisienne ainsi que dans le nord et l&rsquo;est de la France. M\u00eame si l\u2019entreprise \u00e9tait en perte de vitesse suite \u00e0 deux rachats successifs, j\u2019ai fonc\u00e9 ! Les technologies utilis\u00e9es \u00e9taient vieillissantes, mais je me suis retrouss\u00e9 les manches et j\u2019ai accept\u00e9 le challenge en commen\u00e7ant par \u00e9tudier le march\u00e9 et la concurrence. J\u2019ai ensuite propos\u00e9 \u00e0 la direction de ne plus vendre certains produits qui \u00e9taient source d\u2019insatisfaction pour privil\u00e9gier des offres plus fiables. Ils ont accept\u00e9 de me faire confiance et j\u2019ai pu \u00ab recadencer \u00bb les s\u00e9ances de prospection avec les commerciaux, retravailler les phases d\u2019accroche, les accompagner dans cette mutation car j\u2019aime mettre la main \u00e0 la patte, je suis un manager \u00ab hands-on \u00bb tr\u00e8s adepte du <\/span><b>\u00ab on gagne ensemble, on perd ensemble \u00bb<\/b><span style=\"font-weight: 400;\">.<\/span><\/p>\n<h1><span style=\"color: #ff4f69;\"><strong><b>\u00ab <\/b>Je suis un manager <\/strong><\/span><span style=\"color: #ff4f69;\"><strong>hands-on <\/strong><\/span><span style=\"color: #ff4f69;\"><strong><b>\u00bb <\/b><\/strong><\/span><\/h1>\n<p><span style=\"font-weight: 400;\">\u00c0 partir de ce moment, mon travail consistait \u00e0 <strong>faire grandir les gens<\/strong>, leur donner les cl\u00e9s, les bons r\u00e9flexes, dans un esprit de groupe. Plusieurs membres de mon \u00e9quipe m\u2019ont d\u2019ailleurs explicitement remerci\u00e9 : \u00ab tu m\u2019as appris \u00e0 \u00eatre plus m\u00e9thodique, mieux organis\u00e9, \u00e0 mettre plus de bon sens dans mes actions \u00bb.<\/span><\/p>\n<p><span style=\"font-weight: 400;\">Apr\u00e8s 2 ans, Masternaut a renou\u00e9 avec le succ\u00e8s et 1 an plus tard, 25M\u20ac ont \u00e9t\u00e9 inject\u00e9s par des investisseurs priv\u00e9s. D\u00e8s lors, notre vie a chang\u00e9 puisque nous avions les moyens d\u2019investir sur la R&amp;D de la plateforme pour concevoir un nouveau produit et cr\u00e9er une nouvelle histoire. Pour ma part, ils m\u2019ont propos\u00e9 de cr\u00e9er une \u00e9quipe de 10 personnes pour maintenir les revenus en capitalisant sur les clients existants et aller chercher des revenus suppl\u00e9mentaires aupr\u00e8s d\u2019autres clients en France et en Allemagne. Un poste que j\u2019ai occup\u00e9 pendant 2 ans !<\/span><\/p>\n<p><span style=\"font-weight: 400;\">Gr\u00e2ce \u00e0 mon r\u00e9seau, j\u2019ai rejoint <\/span><a href=\"https:\/\/www.checkpoint.com\/fr\/\"><b><span style=\"color: #ff4f69;\">Check Point Software Technologies<\/span><\/b><\/a><span style=\"font-weight: 400;\"> pour encadrer une \u00e9quipe de 5 commerciaux d\u00e9di\u00e9s aux comptes du SBF80 et grands comptes publiques. J\u2019ai amen\u00e9 de la m\u00e9thodologie, de la ma\u00eetrise du cycle de vente et recr\u00e9e la dynamique. Je crois beaucoup dans l\u2019identification du champion, du coach, l\u2019\u00e9tablissement d\u2019un plan d\u2019action pour faire le bon lobbying, qu\u2019il soit interne ou externe.<\/span><\/p>\n<p><span style=\"font-weight: 400;\">Apr\u00e8s 2 ans, j\u2019ai eu l\u2019opportunit\u00e9 de rejoindre <\/span><span style=\"color: #ff4f69;\"><b>Sweagle <\/b><\/span><span style=\"font-weight: 400;\">gr\u00e2ce \u00e0 mon r\u00e9seau. J\u2019ai \u00e9t\u00e9 s\u00e9duit par le concept, le produit (start-up belge cr\u00e9\u00e9e en 2017 ayant d\u00e9velopp\u00e9 un service SaaS de gestion des donn\u00e9es de configuration) et le fait que l\u2019entreprise attendait une deuxi\u00e8me lev\u00e9e de 14M\u20ac mais un certain covid-19 est venu tout chambouler\u2026 le poste a \u00e9t\u00e9 tu\u00e9 dans l\u2019oeuf.<\/span><\/p>\n<p><span style=\"font-weight: 400;\">Au m\u00eame moment, j\u2019ai \u00e9t\u00e9 approch\u00e9 par <\/span><a href=\"https:\/\/datarecrutement.fr\/\"><b><span style=\"color: #ff4f69;\">Data Recrutement<\/span><\/b><\/a><span style=\"font-weight: 400;\"> qui m\u2019a propos\u00e9 une superbe opportunit\u00e9 chez <\/span><span style=\"color: #ff4f69;\"><b>Craft.ai<\/b><\/span><span style=\"font-weight: 400;\"> : poste que j\u2019occupe depuis le 2 novembre 2020.<\/span><\/p>\n<h1><span class=\"s2\"><b>Qu&rsquo;est-ce qui t&rsquo;as convaincu de <\/b><\/span><span class=\"s2\"><b>rejoindre Craft.ai ? <\/b><\/span><\/h1>\n<p><span style=\"font-weight: 400;\">Arthur Breinl, Senior Head Hunter chez Data Recrutement, m\u2019a appel\u00e9 en ao\u00fbt 2020 pour me dire que j\u2019avais un tr\u00e8s bon CV et qu\u2019il trouvait mon parcours pertinent pour une position de VP Sales \u00e0 pourvoir chez Craft.ai, tout en me confiant qu\u2019en revanche, j\u2019\u00e9tais trop cher pour le poste.<\/span><\/p>\n<p><span style=\"font-weight: 400;\">Il m\u2019explique qu\u2019il s\u2019agit de cr\u00e9er une dynamique de groupe, de susciter l\u2019adh\u00e9sion, d\u2019amener de la m\u00e9thodologie, de relancer l\u2019activit\u00e9, de g\u00e9rer les priorit\u00e9s, les recrutements, mettre en place un pay plan plus ambitieux, etc. <\/span><b>Le challenge propos\u00e9 par Craft.ai correspondait tr\u00e8s bien \u00e0 mon parcours et mes comp\u00e9tences.<\/b><\/p>\n<p><span style=\"font-weight: 400;\">Passionn\u00e9 de nouvelles technologies, j\u2019avais l\u2019ambition de rejoindre une entreprise elle-m\u00eame ambitieuse, je voulais faire partie d\u2019une grande aventure : Craft.ai en \u00e9tait visiblement une.<\/span><\/p>\n<p><span style=\"font-weight: 400;\">Arthur m\u2019explique que l\u2019entreprise allait faire le tour du march\u00e9 et qu\u2019il me rappellerait dans un mois pour faire le point. 4 semaines plus tard, il me rappelle pour m\u2019informer qu\u2019ils sont pr\u00eats \u00e0 revoir le package pr\u00e9vu : <\/span><b>j\u2019ai ador\u00e9 son approche.<\/b><\/p>\n<h1><span class=\"s2\"><b>Qu\u2019est-ce qui t\u2019a plu en particulier chez Data Recrutement ?<\/b><\/span><\/h1>\n<p><span style=\"font-weight: 400;\">Super professionnel, nous nous sommes tout de suite compris car nous avions la m\u00eame conception du business. Le fait qu\u2019Arthur me dise \u00ab c\u2019est toi, ils ne le savent pas encore mais c\u2019est toi \u00bb, <\/span><b>j\u2019ai trouv\u00e9 \u00e7a tr\u00e8s fort<\/b> <b>!<\/b><\/p>\n<p><span style=\"font-weight: 400;\">Selon moi Data Recrutement a cette force : celle de <\/span><b>s\u2019int\u00e9resser \u00e0 ses clients<\/b><span style=\"font-weight: 400;\">, de <\/span><b>comprendre leurs m\u00e9tiers<\/b>,<span style=\"font-weight: 400;\">\u00a0de <\/span><b>s\u2019impr\u00e9gner du poste, de l\u2019histoire <\/b><span style=\"font-weight: 400;\">et de<\/span><b> rechercher \u00e0 recruter un bon profil qui va savoir se fondre dans cette \u00e9quipe.<\/b><\/p>\n<h1><span class=\"s2\"><b>Quel conseil pourrais-tu donner pour la carri\u00e8re d&rsquo;un Sales junior ?<br \/>\n<\/b><\/span><\/h1>\n<p><span style=\"font-weight: 400;\">Je n\u2019ai pas un conseil, mais plusieurs : toujours avoir un coup d\u2019avance, ne pas laisser place \u00e0 l\u2019improvisation, pr\u00e9parer ses rendez-vous, \u00e9couter, cr\u00e9er du lien, de la confiance, \u00e9couter encore (l\u2019empathie est tr\u00e8s importante), conna\u00eetre son \u00e9cosyst\u00e8me, bien conna\u00eetre la concurrence, son march\u00e9, ses produits, l\u2019histoire de la bo\u00eete. Un commercial est avant tout un chef d\u2019orchestre qui doit \u00eatre m\u00e9thodique. \u00c0 mon \u00e9poque, le bagou suffisait mais cette p\u00e9riode est r\u00e9volue : aujourd\u2019hui les commerciaux ont des BAC+5, des MBA et pour faire<\/span><span style=\"font-weight: 400;\">\u00a0la diff\u00e9rence : soyez fonceur, combatif et <\/span><b>devenez indispensable pour vous clients.<\/b><\/p>\n<p>Le graal ultime : que votre client soit promu gr\u00e2ce au produit \/ la solution que vous lui avez vendu ! \ud83e\udd1d<\/p>\n<h3><span style=\"color: #ff4f69;\"><a style=\"color: #ff4f69;\" href=\"https:\/\/datarecrutement.fr\/\">#Candidats<\/a>\u00a0<\/span>: Envie de rejoindre une \u00e9quipe innovante pour d\u00e9marrer une nouvelle aventure ? D\u00e9couvrez nos opportunit\u00e9s du moment\u00a0<span style=\"color: #ff4f69;\"><strong><a style=\"color: #ff4f69;\" href=\"https:\/\/datarecrutement.fr\/\">ici<\/a><\/strong><\/span>. \ud83d\udc40<\/h3>\n<h3><span style=\"color: #ff4f69;\"><a style=\"color: #ff4f69;\" href=\"https:\/\/datarecrutement.fr\/entreprises\/\">#Entreprises<\/a>\u00a0<\/span>: Besoin d\u2019\u00eatre accompagn\u00e9.e.s sur des recrutements urgents \/ strat\u00e9giques ?<br \/>\nC\u2019est par\u00a0<span style=\"color: #ff4f69;\"><strong><a style=\"color: #ff4f69;\" href=\"https:\/\/datarecrutement.fr\/entreprises\/\" rel=\"noopener noreferrer\">ici<\/a><\/strong><\/span>. \ud83d\udc40<\/h3>\n","protected":false},"excerpt":{"rendered":"<p>Nicolas Elkoubi, VP Sales chez Craft.ai depuis novembre 2020, suite \u00e0 une approche de Data Recrutement, r\u00e9pond \u00e0 toutes nos questions. D\u00e9couvrez son parcours, ses motivations, son exp\u00e9rience avec Data Recrutement et ses conseils pour un Commercial junior. Peux-tu nous d\u00e9crire ton parcours en quelques mots ? J\u2019ai commenc\u00e9 ma carri\u00e8re en 2000, \u00e0 20 ans, apr\u00e8s un BTS force de vente \u00e0 Bordeaux. Je suis mont\u00e9 \u00e0 Paris pour travailler chez Colt Telecom, op\u00e9rateur chez qui j\u2019ai pass\u00e9 3 ans \u00e0 vendre notamment des solutions ADSL. Par la suite j&rsquo;ai eu l&rsquo;opportunit\u00e9 de faire les bonnes rencontres et apprendre \u00e9norm\u00e9ment, notamment en travaillant pendant 12 ans dans l\u2019univers des telecoms. Mon but a toujours \u00e9t\u00e9 d\u2019ajouter des cordes \u00e0 mon arc en termes d\u2019exp\u00e9rience et d\u2019expertise : je n&rsquo;ai jamais h\u00e9sit\u00e9 \u00e0 switcher entre la vente directe et indirecte, avec une cible PME et grands comptes du CAC40. Les produits que j\u2019ai \u00e9t\u00e9 amen\u00e9 \u00e0 vendre sont nombreux : [&hellip;]<\/p>\n","protected":false},"author":2,"featured_media":1124,"comment_status":"closed","ping_status":"open","sticky":false,"template":"","format":"standard","meta":[],"categories":[11,10],"auteurs":[30],"class_list":["post-1098","post","type-post","status-publish","format-standard","has-post-thumbnail","hentry","category-actualite-generale","category-sales-support","auteurs-boris-legendre"],"yoast_head":"<!-- This site is optimized with the Yoast SEO plugin v27.5 - https:\/\/yoast.com\/product\/yoast-seo-wordpress\/ -->\n<title>Nicolas Elkoubi, VP Sales chez Craft.ai, vous raconte son recrutement - Data Recrutement<\/title>\n<meta name=\"description\" content=\"Nicolas Elkoubi, VP Sales chez Craft.ai depuis novembre 2020, suite \u00e0 une approche de Data Recrutement, r\u00e9pond \u00e0 toutes nos questions. D\u00e9couvrez son\" \/>\n<meta name=\"robots\" content=\"index, follow, max-snippet:-1, max-image-preview:large, max-video-preview:-1\" \/>\n<link rel=\"canonical\" href=\"https:\/\/datarecrutement.fr\/actualites\/recrutement-vp-sales-craft-ai\/\" \/>\n<meta property=\"og:locale\" content=\"fr_FR\" \/>\n<meta property=\"og:type\" content=\"article\" \/>\n<meta property=\"og:title\" content=\"Nicolas Elkoubi, VP Sales chez Craft.ai, vous raconte son recrutement - Data Recrutement\" \/>\n<meta property=\"og:description\" content=\"Nicolas Elkoubi, VP Sales chez Craft.ai depuis novembre 2020, suite \u00e0 une approche de Data Recrutement, r\u00e9pond \u00e0 toutes nos questions. D\u00e9couvrez son\" \/>\n<meta property=\"og:url\" content=\"https:\/\/datarecrutement.fr\/actualites\/recrutement-vp-sales-craft-ai\/\" \/>\n<meta property=\"og:site_name\" content=\"Data Recrutement actualites\" \/>\n<meta property=\"article:published_time\" content=\"2021-04-16T14:36:34+00:00\" \/>\n<meta property=\"article:modified_time\" content=\"2021-04-19T13:23:04+00:00\" \/>\n<meta property=\"og:image\" content=\"https:\/\/datarecrutement.fr\/actualites\/wp-content\/uploads\/Capture-de\u0301cran-2021-03-29-a\u0300-15.50.29.png\" \/>\n\t<meta property=\"og:image:width\" content=\"1227\" \/>\n\t<meta property=\"og:image:height\" content=\"512\" \/>\n\t<meta property=\"og:image:type\" content=\"image\/png\" \/>\n<meta name=\"author\" content=\"Thomas B\u00e9nard\" \/>\n<meta name=\"twitter:card\" content=\"summary_large_image\" \/>\n<meta name=\"twitter:label1\" content=\"\u00c9crit par\" \/>\n\t<meta name=\"twitter:data1\" content=\"Thomas B\u00e9nard\" \/>\n\t<meta name=\"twitter:label2\" content=\"Dur\u00e9e de lecture estim\u00e9e\" \/>\n\t<meta name=\"twitter:data2\" content=\"6 minutes\" \/>\n<script type=\"application\/ld+json\" class=\"yoast-schema-graph\">{\"@context\":\"https:\\\/\\\/schema.org\",\"@graph\":[{\"@type\":\"WebPage\",\"@id\":\"https:\\\/\\\/datarecrutement.fr\\\/actualites\\\/recrutement-vp-sales-craft-ai\\\/\",\"url\":\"https:\\\/\\\/datarecrutement.fr\\\/actualites\\\/recrutement-vp-sales-craft-ai\\\/\",\"name\":\"Nicolas Elkoubi, VP Sales chez Craft.ai, vous raconte son recrutement - Data Recrutement\",\"isPartOf\":{\"@id\":\"https:\\\/\\\/datarecrutement.fr\\\/actualites\\\/#website\"},\"primaryImageOfPage\":{\"@id\":\"https:\\\/\\\/datarecrutement.fr\\\/actualites\\\/recrutement-vp-sales-craft-ai\\\/#primaryimage\"},\"image\":{\"@id\":\"https:\\\/\\\/datarecrutement.fr\\\/actualites\\\/recrutement-vp-sales-craft-ai\\\/#primaryimage\"},\"thumbnailUrl\":\"https:\\\/\\\/datarecrutement.fr\\\/actualites\\\/wp-content\\\/uploads\\\/Capture-de\u0301cran-2021-03-29-a\u0300-15.50.29.png\",\"datePublished\":\"2021-04-16T14:36:34+00:00\",\"dateModified\":\"2021-04-19T13:23:04+00:00\",\"author\":{\"@id\":\"https:\\\/\\\/datarecrutement.fr\\\/actualites\\\/#\\\/schema\\\/person\\\/6a58a13e20255a0c2873d5cc5b4510f6\"},\"description\":\"Nicolas Elkoubi, VP Sales chez Craft.ai depuis novembre 2020, suite \u00e0 une approche de Data Recrutement, r\u00e9pond \u00e0 toutes nos questions. D\u00e9couvrez son\",\"breadcrumb\":{\"@id\":\"https:\\\/\\\/datarecrutement.fr\\\/actualites\\\/recrutement-vp-sales-craft-ai\\\/#breadcrumb\"},\"inLanguage\":\"fr-FR\",\"potentialAction\":[{\"@type\":\"ReadAction\",\"target\":[\"https:\\\/\\\/datarecrutement.fr\\\/actualites\\\/recrutement-vp-sales-craft-ai\\\/\"]}]},{\"@type\":\"ImageObject\",\"inLanguage\":\"fr-FR\",\"@id\":\"https:\\\/\\\/datarecrutement.fr\\\/actualites\\\/recrutement-vp-sales-craft-ai\\\/#primaryimage\",\"url\":\"https:\\\/\\\/datarecrutement.fr\\\/actualites\\\/wp-content\\\/uploads\\\/Capture-de\u0301cran-2021-03-29-a\u0300-15.50.29.png\",\"contentUrl\":\"https:\\\/\\\/datarecrutement.fr\\\/actualites\\\/wp-content\\\/uploads\\\/Capture-de\u0301cran-2021-03-29-a\u0300-15.50.29.png\",\"width\":1227,\"height\":512,\"caption\":\"craft.ai\"},{\"@type\":\"BreadcrumbList\",\"@id\":\"https:\\\/\\\/datarecrutement.fr\\\/actualites\\\/recrutement-vp-sales-craft-ai\\\/#breadcrumb\",\"itemListElement\":[{\"@type\":\"ListItem\",\"position\":1,\"name\":\"Accueil\",\"item\":\"https:\\\/\\\/datarecrutement.fr\\\/actualites\\\/\"},{\"@type\":\"ListItem\",\"position\":2,\"name\":\"Nicolas Elkoubi, VP Sales chez Craft.ai, vous raconte son recrutement\"}]},{\"@type\":\"WebSite\",\"@id\":\"https:\\\/\\\/datarecrutement.fr\\\/actualites\\\/#website\",\"url\":\"https:\\\/\\\/datarecrutement.fr\\\/actualites\\\/\",\"name\":\"Data Recrutement actualites\",\"description\":\"blog\",\"potentialAction\":[{\"@type\":\"SearchAction\",\"target\":{\"@type\":\"EntryPoint\",\"urlTemplate\":\"https:\\\/\\\/datarecrutement.fr\\\/actualites\\\/?s={search_term_string}\"},\"query-input\":{\"@type\":\"PropertyValueSpecification\",\"valueRequired\":true,\"valueName\":\"search_term_string\"}}],\"inLanguage\":\"fr-FR\"}]}<\/script>\n<!-- \/ Yoast SEO plugin. -->","yoast_head_json":{"title":"Nicolas Elkoubi, VP Sales chez Craft.ai, vous raconte son recrutement - Data Recrutement","description":"Nicolas Elkoubi, VP Sales chez Craft.ai depuis novembre 2020, suite \u00e0 une approche de Data Recrutement, r\u00e9pond \u00e0 toutes nos questions. D\u00e9couvrez son","robots":{"index":"index","follow":"follow","max-snippet":"max-snippet:-1","max-image-preview":"max-image-preview:large","max-video-preview":"max-video-preview:-1"},"canonical":"https:\/\/datarecrutement.fr\/actualites\/recrutement-vp-sales-craft-ai\/","og_locale":"fr_FR","og_type":"article","og_title":"Nicolas Elkoubi, VP Sales chez Craft.ai, vous raconte son recrutement - Data Recrutement","og_description":"Nicolas Elkoubi, VP Sales chez Craft.ai depuis novembre 2020, suite \u00e0 une approche de Data Recrutement, r\u00e9pond \u00e0 toutes nos questions. D\u00e9couvrez son","og_url":"https:\/\/datarecrutement.fr\/actualites\/recrutement-vp-sales-craft-ai\/","og_site_name":"Data Recrutement actualites","article_published_time":"2021-04-16T14:36:34+00:00","article_modified_time":"2021-04-19T13:23:04+00:00","og_image":[{"width":1227,"height":512,"url":"https:\/\/datarecrutement.fr\/actualites\/wp-content\/uploads\/Capture-de\u0301cran-2021-03-29-a\u0300-15.50.29.png","type":"image\/png"}],"author":"Thomas B\u00e9nard","twitter_card":"summary_large_image","twitter_misc":{"\u00c9crit par":"Thomas B\u00e9nard","Dur\u00e9e de lecture estim\u00e9e":"6 minutes"},"schema":{"@context":"https:\/\/schema.org","@graph":[{"@type":"WebPage","@id":"https:\/\/datarecrutement.fr\/actualites\/recrutement-vp-sales-craft-ai\/","url":"https:\/\/datarecrutement.fr\/actualites\/recrutement-vp-sales-craft-ai\/","name":"Nicolas Elkoubi, VP Sales chez Craft.ai, vous raconte son recrutement - Data Recrutement","isPartOf":{"@id":"https:\/\/datarecrutement.fr\/actualites\/#website"},"primaryImageOfPage":{"@id":"https:\/\/datarecrutement.fr\/actualites\/recrutement-vp-sales-craft-ai\/#primaryimage"},"image":{"@id":"https:\/\/datarecrutement.fr\/actualites\/recrutement-vp-sales-craft-ai\/#primaryimage"},"thumbnailUrl":"https:\/\/datarecrutement.fr\/actualites\/wp-content\/uploads\/Capture-de\u0301cran-2021-03-29-a\u0300-15.50.29.png","datePublished":"2021-04-16T14:36:34+00:00","dateModified":"2021-04-19T13:23:04+00:00","author":{"@id":"https:\/\/datarecrutement.fr\/actualites\/#\/schema\/person\/6a58a13e20255a0c2873d5cc5b4510f6"},"description":"Nicolas Elkoubi, VP Sales chez Craft.ai depuis novembre 2020, suite \u00e0 une approche de Data Recrutement, r\u00e9pond \u00e0 toutes nos questions. D\u00e9couvrez son","breadcrumb":{"@id":"https:\/\/datarecrutement.fr\/actualites\/recrutement-vp-sales-craft-ai\/#breadcrumb"},"inLanguage":"fr-FR","potentialAction":[{"@type":"ReadAction","target":["https:\/\/datarecrutement.fr\/actualites\/recrutement-vp-sales-craft-ai\/"]}]},{"@type":"ImageObject","inLanguage":"fr-FR","@id":"https:\/\/datarecrutement.fr\/actualites\/recrutement-vp-sales-craft-ai\/#primaryimage","url":"https:\/\/datarecrutement.fr\/actualites\/wp-content\/uploads\/Capture-de\u0301cran-2021-03-29-a\u0300-15.50.29.png","contentUrl":"https:\/\/datarecrutement.fr\/actualites\/wp-content\/uploads\/Capture-de\u0301cran-2021-03-29-a\u0300-15.50.29.png","width":1227,"height":512,"caption":"craft.ai"},{"@type":"BreadcrumbList","@id":"https:\/\/datarecrutement.fr\/actualites\/recrutement-vp-sales-craft-ai\/#breadcrumb","itemListElement":[{"@type":"ListItem","position":1,"name":"Accueil","item":"https:\/\/datarecrutement.fr\/actualites\/"},{"@type":"ListItem","position":2,"name":"Nicolas Elkoubi, VP Sales chez Craft.ai, vous raconte son recrutement"}]},{"@type":"WebSite","@id":"https:\/\/datarecrutement.fr\/actualites\/#website","url":"https:\/\/datarecrutement.fr\/actualites\/","name":"Data Recrutement actualites","description":"blog","potentialAction":[{"@type":"SearchAction","target":{"@type":"EntryPoint","urlTemplate":"https:\/\/datarecrutement.fr\/actualites\/?s={search_term_string}"},"query-input":{"@type":"PropertyValueSpecification","valueRequired":true,"valueName":"search_term_string"}}],"inLanguage":"fr-FR"}]}},"_links":{"self":[{"href":"https:\/\/datarecrutement.fr\/actualites\/wp-json\/wp\/v2\/posts\/1098","targetHints":{"allow":["GET"]}}],"collection":[{"href":"https:\/\/datarecrutement.fr\/actualites\/wp-json\/wp\/v2\/posts"}],"about":[{"href":"https:\/\/datarecrutement.fr\/actualites\/wp-json\/wp\/v2\/types\/post"}],"author":[{"embeddable":true,"href":"https:\/\/datarecrutement.fr\/actualites\/wp-json\/wp\/v2\/users\/2"}],"replies":[{"embeddable":true,"href":"https:\/\/datarecrutement.fr\/actualites\/wp-json\/wp\/v2\/comments?post=1098"}],"version-history":[{"count":5,"href":"https:\/\/datarecrutement.fr\/actualites\/wp-json\/wp\/v2\/posts\/1098\/revisions"}],"predecessor-version":[{"id":1178,"href":"https:\/\/datarecrutement.fr\/actualites\/wp-json\/wp\/v2\/posts\/1098\/revisions\/1178"}],"wp:featuredmedia":[{"embeddable":true,"href":"https:\/\/datarecrutement.fr\/actualites\/wp-json\/wp\/v2\/media\/1124"}],"wp:attachment":[{"href":"https:\/\/datarecrutement.fr\/actualites\/wp-json\/wp\/v2\/media?parent=1098"}],"wp:term":[{"taxonomy":"category","embeddable":true,"href":"https:\/\/datarecrutement.fr\/actualites\/wp-json\/wp\/v2\/categories?post=1098"},{"taxonomy":"auteurs","embeddable":true,"href":"https:\/\/datarecrutement.fr\/actualites\/wp-json\/wp\/v2\/auteurs?post=1098"}],"curies":[{"name":"wp","href":"https:\/\/api.w.org\/{rel}","templated":true}]}}